{"id":6196,"date":"2020-06-16T17:54:18","date_gmt":"2020-06-16T17:54:18","guid":{"rendered":"http:\/\/boagk.se\/?p=6196"},"modified":"2020-06-16T20:50:41","modified_gmt":"2020-06-16T20:50:41","slug":"sommar-i-blekinge-2020","status":"publish","type":"post","link":"https:\/\/boagk.se\/en\/aktuellt\/sommar-i-blekinge-2020\/","title":{"rendered":"SOMMAR I BLEKINGE 2020!"},"content":{"rendered":"<p style=\"text-align: center;\"><img loading=\"lazy\" decoding=\"async\" class=\"alignnone size-large wp-image-6198\" src=\"http:\/\/boagk.se\/wp-content\/uploads\/2020\/06\/H\u00e5l-17-2020-06-14-1500x844.jpg\" alt=\"\" width=\"750\" height=\"422\" srcset=\"https:\/\/boagk.se\/wp-content\/uploads\/2020\/06\/H\u00e5l-17-2020-06-14-1500x844.jpg 1500w, https:\/\/boagk.se\/wp-content\/uploads\/2020\/06\/H\u00e5l-17-2020-06-14-600x338.jpg 600w, https:\/\/boagk.se\/wp-content\/uploads\/2020\/06\/H\u00e5l-17-2020-06-14-768x432.jpg 768w, https:\/\/boagk.se\/wp-content\/uploads\/2020\/06\/H\u00e5l-17-2020-06-14-705x397.jpg 705w, https:\/\/boagk.se\/wp-content\/uploads\/2020\/06\/H\u00e5l-17-2020-06-14-450x253.jpg 450w\" sizes=\"auto, (max-width: 750px) 100vw, 750px\" \/><\/p>\n<h5 style=\"text-align: center;\">Dela dina favoritbild fr\u00e5n Boa GK Olofstr\u00f6m och f\u00e5 den publicerad i <a href=\"https:\/\/www.blt.se \" target=\"_blank\" rel=\"noopener\">Blekinge L\u00e4ns Tidning<\/a>, <a href=\"https:\/\/www.sydostran.se\/feature\/lasarbilder-sommar-i-blekinge-2020\/ \" target=\"_blank\" rel=\"noopener\">Syd\u00f6stran<\/a> och p\u00e5 <a href=\"https:\/\/www.visitblekinge.se \" target=\"_blank\" rel=\"noopener\">Visit Blekinges hemsida<\/a>.<\/h5>\n<p style=\"text-align: center;\"><span style=\"color: #ffffff;\">.<\/span><\/p>\n<p style=\"text-align: center;\"><a href=\"https:\/\/www.visitblekinge.se\/\"><img loading=\"lazy\" decoding=\"async\" class=\"alignnone wp-image-6199 size-full\" src=\"http:\/\/boagk.se\/wp-content\/uploads\/2020\/06\/Visit-Olofstr\u00f6m-7.png\" alt=\"\" width=\"465\" height=\"292\" srcset=\"https:\/\/boagk.se\/wp-content\/uploads\/2020\/06\/Visit-Olofstr\u00f6m-7.png 1393w, https:\/\/boagk.se\/wp-content\/uploads\/2020\/06\/Visit-Olofstr\u00f6m-7-600x377.png 600w, https:\/\/boagk.se\/wp-content\/uploads\/2020\/06\/Visit-Olofstr\u00f6m-7-768x482.png 768w, https:\/\/boagk.se\/wp-content\/uploads\/2020\/06\/Visit-Olofstr\u00f6m-7-705x443.png 705w, https:\/\/boagk.se\/wp-content\/uploads\/2020\/06\/Visit-Olofstr\u00f6m-7-450x283.png 450w\" sizes=\"auto, (max-width: 465px) 100vw, 465px\" \/><\/a><\/p>\n<h6 style=\"text-align: center;\"><span style=\"color: #999999;\">(<a style=\"color: #999999;\" href=\"https:\/\/www.visitblekinge.se \" target=\"_blank\" rel=\"noopener\">Klicka p\u00e5 bilden f\u00f6r att komma direkt till Visit Blekinges hemsida<\/a>)<\/span><\/h6>\n<p style=\"text-align: center;\"><span style=\"color: #ffffff;\">.<\/span><\/p>\n<p style=\"text-align: center;\">F\u00f6ljande st\u00e5r att l\u00e4sa i <a href=\"https:\/\/www.blt.se \" target=\"_blank\" rel=\"noopener\">Blekinge L\u00e4ns Tidning<\/a> och <a href=\"https:\/\/www.sydostran.se\/feature\/lasarbilder-sommar-i-blekinge-2020\/ \" target=\"_blank\" rel=\"noopener\">Syd\u00f6stran<\/a>&#8230;<\/p>\n<p style=\"text-align: center;\"><em>#sommariblekinge och @visitblekinge.<\/em><\/p>\n<p style=\"text-align: center;\"><em>Anv\u00e4nd de tv\u00e5 taggarna n\u00e4r du delar din bild p\u00e5 sociala medier och du kan f\u00e5 just din sommarbild publicerad p\u00e5 blt.se och sydostran.se.<\/em><\/p>\n<p style=\"text-align: center;\"><em>H\u00e4ng med, tipsa och visa upp just ditt smultronst\u00e4lle i Blekinge 2020.<\/em><\/p>\n<p style=\"text-align: center;\"><em>L\u00e5t oss tillbringa sommaren tillsammans i Blekinge 2020.<\/em><\/p>\n<p style=\"text-align: center;\"><em>\u00c4ven om det \u00e4r p\u00e5 distans.<\/em><\/p>\n<p style=\"text-align: center;\"><em>I ett samarbete med Visit Blekinge skickar vi med en \u00f6nskan och uppmaning att i fr\u00e4mst bild men kanske \u00e4ven lite text sprida allt vacker och h\u00e4ftigt som h\u00e4nder i v\u00e5rt avl\u00e5nga l\u00e4n nu i sommar.<\/em><\/p>\n<p style=\"text-align: center;\"><em>Om du l\u00e4gger ut din sommarbild p\u00e5 sociala medier som exempelvis Instagram, anv\u00e4nd hashtaggen #sommariblekinge2020 och @visitblekinge. D\u00e5 kommer bilden att kopplas till Visit Blekinge p\u00e5 sociala medier och \u00e4ven visas p\u00e5 Blekinge L\u00e4ns Tidnings och Syd\u00f6strans respektive hemsida, blt.se och sydostran.se.<\/em><\/p>\n<p style=\"text-align: center;\"><img loading=\"lazy\" decoding=\"async\" class=\"alignnone size-full wp-image-2026\" src=\"http:\/\/boagk.se\/wp-content\/uploads\/2019\/04\/Boa-Logga.jpg\" alt=\"\" width=\"161\" height=\"67\" \/><\/p>\n<p style=\"text-align: center;\">Vilken \u00e4r din favoritbild fr\u00e5n Boa GK Olofstr\u00f6m?\u00a0 \ud83d\ude42<\/p>","protected":false},"excerpt":{"rendered":"<p>Dela dina favoritbild fr\u00e5n Boa GK Olofstr\u00f6m och f\u00e5 den publicerad i Blekinge L\u00e4ns Tidning, Syd\u00f6stran och p\u00e5 Visit Blekinges hemsida. . (Klicka p\u00e5 bilden f\u00f6r att komma direkt till Visit Blekinges hemsida) . F\u00f6ljande st\u00e5r att l\u00e4sa i Blekinge L\u00e4ns Tidning och Syd\u00f6stran&#8230; #sommariblekinge och @visitblekinge. Anv\u00e4nd de tv\u00e5 taggarna n\u00e4r du delar din [&hellip;]<\/p>","protected":false},"author":6,"featured_media":6199,"comment_status":"open","ping_status":"closed","sticky":false,"template":"","format":"standard","meta":{"_exactmetrics_skip_tracking":false,"_exactmetrics_sitenote_active":false,"_exactmetrics_sitenote_note":"","_exactmetrics_sitenote_category":0,"footnotes":""},"categories":[7],"tags":[],"class_list":["post-6196","post","type-post","status-publish","format-standard","has-post-thumbnail","hentry","category-aktuellt"],"_links":{"self":[{"href":"https:\/\/boagk.se\/en\/wp-json\/wp\/v2\/posts\/6196","targetHints":{"allow":["GET"]}}],"collection":[{"href":"https:\/\/boagk.se\/en\/wp-json\/wp\/v2\/posts"}],"about":[{"href":"https:\/\/boagk.se\/en\/wp-json\/wp\/v2\/types\/post"}],"author":[{"embeddable":true,"href":"https:\/\/boagk.se\/en\/wp-json\/wp\/v2\/users\/6"}],"replies":[{"embeddable":true,"href":"https:\/\/boagk.se\/en\/wp-json\/wp\/v2\/comments?post=6196"}],"version-history":[{"count":11,"href":"https:\/\/boagk.se\/en\/wp-json\/wp\/v2\/posts\/6196\/revisions"}],"predecessor-version":[{"id":6216,"href":"https:\/\/boagk.se\/en\/wp-json\/wp\/v2\/posts\/6196\/revisions\/6216"}],"wp:featuredmedia":[{"embeddable":true,"href":"https:\/\/boagk.se\/en\/wp-json\/wp\/v2\/media\/6199"}],"wp:attachment":[{"href":"https:\/\/boagk.se\/en\/wp-json\/wp\/v2\/media?parent=6196"}],"wp:term":[{"taxonomy":"category","embeddable":true,"href":"https:\/\/boagk.se\/en\/wp-json\/wp\/v2\/categories?post=6196"},{"taxonomy":"post_tag","embeddable":true,"href":"https:\/\/boagk.se\/en\/wp-json\/wp\/v2\/tags?post=6196"}],"curies":[{"name":"wp","href":"https:\/\/api.w.org\/{rel}","templated":true}]}}