{"id":5749,"date":"2020-05-06T17:24:09","date_gmt":"2020-05-06T17:24:09","guid":{"rendered":"http:\/\/boagk.se\/?p=5749"},"modified":"2020-05-06T17:24:52","modified_gmt":"2020-05-06T17:24:52","slug":"traningstillfalle","status":"publish","type":"post","link":"https:\/\/boagk.se\/en\/aktuellt\/traningstillfalle\/","title":{"rendered":"TR\u00c4NING F\u00d6R MEDLEMMAR!"},"content":{"rendered":"<p style=\"text-align: center;\"><img loading=\"lazy\" decoding=\"async\" class=\"alignnone size-medium wp-image-594\" src=\"http:\/\/boagk.se\/wp-content\/uploads\/2019\/01\/slope-olofstr\u00f6ms-gk-300x138.jpg\" alt=\"\" width=\"450\" height=\"207\" srcset=\"https:\/\/boagk.se\/wp-content\/uploads\/2019\/01\/slope-olofstr\u00f6ms-gk-300x138.jpg 300w, https:\/\/boagk.se\/wp-content\/uploads\/2019\/01\/slope-olofstr\u00f6ms-gk-450x208.jpg 450w, https:\/\/boagk.se\/wp-content\/uploads\/2019\/01\/slope-olofstr\u00f6ms-gk.jpg 650w\" sizes=\"auto, (max-width: 450px) 100vw, 450px\" \/><\/p>\n<p style=\"text-align: center;\">Precis som i fjol s\u00e5 bjuder vi p\u00e5 Boa GK Olofstr\u00f6m in er medlemmar i klubben till ett fritt tr\u00e4ningstillf\u00e4lle tillsammans med klubbens Pro, Dennis \u00c5kesson.<\/p>\n<p style=\"text-align: center;\">Tyv\u00e4rr inneb\u00e4r den p\u00e5g\u00e5ende Coronapandemin, och de beslut som <a href=\"https:\/\/golf.se\/for-klubben\/radgivning\/corona-riktlinjer-for-klubbar\/\" target=\"_blank\" rel=\"noopener\">Regeringen, Folkh\u00e4lsomyndigheten och Svenska Golff\u00f6rbundet<\/a> har tagit med h\u00e4nsyn till den, att uppl\u00e4gget kommer att vara lite annorlunda i \u00e5r.<\/p>\n<p style=\"text-align: center;\">Ist\u00e4llet f\u00f6r att vi alla samlas och gemensamt f\u00e5r instruktioner av Dennis s\u00e5 kommer vi att delas upp i sju grupper med h\u00f6gst tio personer i varje grupp.<\/p>\n<p style=\"text-align: center;\">Schemat ser ut som f\u00f6ljer&#8230;<\/p>\n<p style=\"text-align: center;\">\u00a0 <strong>1. F\u00f6r alla:<\/strong> Torsdag 14 maj &#8211; Grupp 1: 18.00-18.30. Grupp 2: 18.30-19.00. Grupp 3: 19.00-19.30. Tema: V\u00e5rtr\u00e4ning<\/p>\n<p style=\"text-align: center;\"><strong>2. F\u00f6r alla:<\/strong> M\u00e5ndag 18 maj &#8211; Grupp 1: 18.00-18.30. Grupp 2: 18.30-19.00. Grupp 3: 19.00-19.30. Tema: V\u00e5rtr\u00e4ning<\/p>\n<p style=\"text-align: center;\"><strong>3. F\u00f6r er som gick Gr\u00f6nt kort 2019:<\/strong> M\u00e5ndag 25 maj &#8211; 18.00-19.00. Tema: Repetition.<\/p>\n<p style=\"text-align: center;\"><img loading=\"lazy\" decoding=\"async\" class=\"alignnone size-full wp-image-2026\" src=\"http:\/\/boagk.se\/wp-content\/uploads\/2019\/04\/Boa-Logga.jpg\" alt=\"\" width=\"161\" height=\"67\" \/><\/p>\n<p style=\"text-align: center;\">Tr\u00e4ningen p\u00e5g\u00e5r i ca 30 minuter per grupp, och f\u00f6rhoppningsvis s\u00e5 hinner alla f\u00e5 personliga r\u00e5d av Dennis.<\/p>\n<p style=\"text-align: center;\">Eftersom det \u00e4r max 10 personer per tr\u00e4ningstillf\u00e4lle, s\u00e5 \u00e4r det f\u00f6rst till kvarn som g\u00e4ller.<\/p>\n<p style=\"text-align: center;\">Anm\u00e4lan g\u00f6rs till kansliet p\u00e5 0454-43366 eller <a class=\"auto-generated-link\" href=\"mailto:boagk@oktv.se\" data-auto-recognition=\"true\" data-content=\"boagk@oktv.se\" data-type=\"mail\">boagk@oktv.se<\/a>.<\/p>\n<p style=\"text-align: center;\">Vi f\u00f6ljer givetvis alla <a href=\"https:\/\/www.folkhalsomyndigheten.se\/smittskydd-beredskap\/utbrott\/aktuella-utbrott\/covid-19\/verksamheter\/information-till-idrotts--och-traningsanlaggningar\/\" target=\"_blank\" rel=\"noopener\">Folkh\u00e4lsomyndighetens r\u00e5d<\/a> g\u00e4llande organiserad tr\u00e4ning.<\/p>\n<p style=\"text-align: center;\">Om n\u00e5gon dessutom visar minsta lilla symtom p\u00e5 snuva, hosta eller feber s\u00e5 \u00e4r det inte till\u00e5tet att komma till tr\u00e4ningen.<\/p>\n<p style=\"text-align: center;\">\/ Medlemskommitt\u00e9n<\/p>\n<p style=\"text-align: center;\"><img loading=\"lazy\" decoding=\"async\" class=\"alignnone size-full wp-image-2026\" src=\"http:\/\/boagk.se\/wp-content\/uploads\/2019\/04\/Boa-Logga.jpg\" alt=\"\" width=\"161\" height=\"67\" \/><\/p>","protected":false},"excerpt":{"rendered":"<p>Precis som i fjol s\u00e5 bjuder vi p\u00e5 Boa GK Olofstr\u00f6m in er medlemmar i klubben till ett fritt tr\u00e4ningstillf\u00e4lle tillsammans med klubbens Pro, Dennis \u00c5kesson. Tyv\u00e4rr inneb\u00e4r den p\u00e5g\u00e5ende Coronapandemin, och de beslut som Regeringen, Folkh\u00e4lsomyndigheten och Svenska Golff\u00f6rbundet har tagit med h\u00e4nsyn till den, att uppl\u00e4gget kommer att vara lite annorlunda i \u00e5r. [&hellip;]<\/p>","protected":false},"author":6,"featured_media":594,"comment_status":"open","ping_status":"closed","sticky":false,"template":"","format":"standard","meta":{"_exactmetrics_skip_tracking":false,"_exactmetrics_sitenote_active":false,"_exactmetrics_sitenote_note":"","_exactmetrics_sitenote_category":0,"footnotes":""},"categories":[7],"tags":[],"class_list":["post-5749","post","type-post","status-publish","format-standard","has-post-thumbnail","hentry","category-aktuellt"],"_links":{"self":[{"href":"https:\/\/boagk.se\/en\/wp-json\/wp\/v2\/posts\/5749","targetHints":{"allow":["GET"]}}],"collection":[{"href":"https:\/\/boagk.se\/en\/wp-json\/wp\/v2\/posts"}],"about":[{"href":"https:\/\/boagk.se\/en\/wp-json\/wp\/v2\/types\/post"}],"author":[{"embeddable":true,"href":"https:\/\/boagk.se\/en\/wp-json\/wp\/v2\/users\/6"}],"replies":[{"embeddable":true,"href":"https:\/\/boagk.se\/en\/wp-json\/wp\/v2\/comments?post=5749"}],"version-history":[{"count":22,"href":"https:\/\/boagk.se\/en\/wp-json\/wp\/v2\/posts\/5749\/revisions"}],"predecessor-version":[{"id":5776,"href":"https:\/\/boagk.se\/en\/wp-json\/wp\/v2\/posts\/5749\/revisions\/5776"}],"wp:featuredmedia":[{"embeddable":true,"href":"https:\/\/boagk.se\/en\/wp-json\/wp\/v2\/media\/594"}],"wp:attachment":[{"href":"https:\/\/boagk.se\/en\/wp-json\/wp\/v2\/media?parent=5749"}],"wp:term":[{"taxonomy":"category","embeddable":true,"href":"https:\/\/boagk.se\/en\/wp-json\/wp\/v2\/categories?post=5749"},{"taxonomy":"post_tag","embeddable":true,"href":"https:\/\/boagk.se\/en\/wp-json\/wp\/v2\/tags?post=5749"}],"curies":[{"name":"wp","href":"https:\/\/api.w.org\/{rel}","templated":true}]}}