{"id":5524,"date":"2020-04-21T14:51:50","date_gmt":"2020-04-21T14:51:50","guid":{"rendered":"http:\/\/boagk.se\/?p=5524"},"modified":"2020-04-21T14:51:50","modified_gmt":"2020-04-21T14:51:50","slug":"junior-traningen-igang","status":"publish","type":"post","link":"https:\/\/boagk.se\/en\/aktuellt\/junior-traningen-igang\/","title":{"rendered":"JUNIOR-TR\u00c4NINGEN IG\u00c5NG!"},"content":{"rendered":"<p style=\"text-align: center;\"><img loading=\"lazy\" decoding=\"async\" class=\"alignnone size-medium wp-image-5522\" src=\"http:\/\/boagk.se\/wp-content\/uploads\/2020\/04\/Junior-3-600x450.jpeg\" alt=\"\" width=\"400\" height=\"300\" srcset=\"https:\/\/boagk.se\/wp-content\/uploads\/2020\/04\/Junior-3-600x450.jpeg 600w, https:\/\/boagk.se\/wp-content\/uploads\/2020\/04\/Junior-3-768x576.jpeg 768w, https:\/\/boagk.se\/wp-content\/uploads\/2020\/04\/Junior-3-1500x1125.jpeg 1500w, https:\/\/boagk.se\/wp-content\/uploads\/2020\/04\/Junior-3-705x529.jpeg 705w, https:\/\/boagk.se\/wp-content\/uploads\/2020\/04\/Junior-3-450x338.jpeg 450w\" sizes=\"auto, (max-width: 400px) 100vw, 400px\" \/><\/p>\n<p style=\"text-align: center;\">Ig\u00e5r (m\u00e5ndag 20\/4) var det uppstart f\u00f6r \u00e5rets junior- och ungdomstr\u00e4ning p\u00e5 Boa GK Olofstr\u00f6m.<\/p>\n<p style=\"text-align: center;\">Efter mer \u00e4n ett halv\u00e5rs uppeh\u00e5ll s\u00e5 var det m\u00e5nga tr\u00e4nings- och spelsugna som d\u00f6k upp i det fina v\u00e5rv\u00e4dret.<\/p>\n<p style=\"text-align: center;\">Nytt f\u00f6r i \u00e5r \u00e4r att Dennis och Carl-Cedric delar upp juniorerna i tv\u00e5 grupper, en f\u00f6r barn upp till 12 \u00e5r och en f\u00f6r ungdomar som \u00e4r 13 \u00e5r och \u00e4ldre.<\/p>\n<p style=\"text-align: center;\">F\u00f6rutom att h\u00f6ja kvaliteten p\u00e5 tr\u00e4ningen s\u00e5 g\u00f6rs detta ocks\u00e5 f\u00f6r att f\u00f6lja de r\u00e5d och riktlinjer som Regeringen, Folkh\u00e4lsomyndigheten och Svenska Golff\u00f6rbundet har beslutat om&#8230;<\/p>\n<p style=\"text-align: center;\"><em><strong>Folkh\u00e4lsomyndighetens f\u00f6reskrifter (g\u00e4ller fr.o.m. 17 april):<\/strong><\/em><\/p>\n<p style=\"text-align: center;\"><em>Folkh\u00e4lsomyndigheten anser att det \u00e4r viktigt att barn och ungdomar forts\u00e4tter att r\u00f6ra p\u00e5 sig. Risken f\u00f6r smittspridning inom barn- och ungdomsidrotten \u00e4r liten under f\u00f6ruts\u00e4ttning att myndighetens r\u00e5d f\u00f6ljs i \u00f6vrigt. Det \u00e4r viktigt att:<\/em><\/p>\n<p style=\"text-align: center;\"><em>\u25ba bara friska symtomfria personer deltar i aktiviteterna<\/em><br \/>\n<em>\u25ba det finns goda m\u00f6jligheter att tv\u00e4tta h\u00e4nderna<\/em><br \/>\n<em>\u25ba tr\u00e4ngsel mellan m\u00e4nniskor undviks.<\/em><\/p>\n<p style=\"text-align: center;\"><em>Barn och ungdomar m\u00f6ts redan i skolorna vilket g\u00f6r att risken f\u00f6r att nya smittkedjor startas f\u00e5r anses vara liten.<\/em><\/p>\n<p style=\"text-align: center;\"><em>Folkh\u00e4lsomyndigheten har d\u00e4rf\u00f6r beslutat att \u00e4ndra myndighetens f\u00f6reskrifter och allm\u00e4nna r\u00e5d (HSLF-FS 2020:12) om allas ansvar att f\u00f6rhindra smitta av covid-19 m.m. och g\u00f6ra ett undantag f\u00f6r barn- och ungdomsidrott.<\/em><\/p>\n<p style=\"text-align: center;\"><em>Med barn- och ungdomsidrott avses idrott f\u00f6r barn och ungdomar f\u00f6dda 2002 eller senare. I enlighet med de allm\u00e4nna r\u00e5den avr\u00e5der Folkh\u00e4lsomyndigheten fortsatt fr\u00e5n t\u00e4vlings- och tr\u00e4ningsmatcher f\u00f6r vuxna.<\/em><\/p>\n<p style=\"text-align: center;\"><img loading=\"lazy\" decoding=\"async\" class=\"alignnone size-full wp-image-2026\" src=\"http:\/\/boagk.se\/wp-content\/uploads\/2019\/04\/Boa-Logga.jpg\" alt=\"\" width=\"161\" height=\"67\" \/><\/p>","protected":false},"excerpt":{"rendered":"<p>Ig\u00e5r (m\u00e5ndag 20\/4) var det uppstart f\u00f6r \u00e5rets junior- och ungdomstr\u00e4ning p\u00e5 Boa GK Olofstr\u00f6m. Efter mer \u00e4n ett halv\u00e5rs uppeh\u00e5ll s\u00e5 var det m\u00e5nga tr\u00e4nings- och spelsugna som d\u00f6k upp i det fina v\u00e5rv\u00e4dret. Nytt f\u00f6r i \u00e5r \u00e4r att Dennis och Carl-Cedric delar upp juniorerna i tv\u00e5 grupper, en f\u00f6r barn upp till [&hellip;]<\/p>","protected":false},"author":6,"featured_media":5522,"comment_status":"open","ping_status":"closed","sticky":false,"template":"","format":"standard","meta":{"_exactmetrics_skip_tracking":false,"_exactmetrics_sitenote_active":false,"_exactmetrics_sitenote_note":"","_exactmetrics_sitenote_category":0,"footnotes":""},"categories":[7],"tags":[],"class_list":["post-5524","post","type-post","status-publish","format-standard","has-post-thumbnail","hentry","category-aktuellt"],"_links":{"self":[{"href":"https:\/\/boagk.se\/en\/wp-json\/wp\/v2\/posts\/5524","targetHints":{"allow":["GET"]}}],"collection":[{"href":"https:\/\/boagk.se\/en\/wp-json\/wp\/v2\/posts"}],"about":[{"href":"https:\/\/boagk.se\/en\/wp-json\/wp\/v2\/types\/post"}],"author":[{"embeddable":true,"href":"https:\/\/boagk.se\/en\/wp-json\/wp\/v2\/users\/6"}],"replies":[{"embeddable":true,"href":"https:\/\/boagk.se\/en\/wp-json\/wp\/v2\/comments?post=5524"}],"version-history":[{"count":6,"href":"https:\/\/boagk.se\/en\/wp-json\/wp\/v2\/posts\/5524\/revisions"}],"predecessor-version":[{"id":5717,"href":"https:\/\/boagk.se\/en\/wp-json\/wp\/v2\/posts\/5524\/revisions\/5717"}],"wp:featuredmedia":[{"embeddable":true,"href":"https:\/\/boagk.se\/en\/wp-json\/wp\/v2\/media\/5522"}],"wp:attachment":[{"href":"https:\/\/boagk.se\/en\/wp-json\/wp\/v2\/media?parent=5524"}],"wp:term":[{"taxonomy":"category","embeddable":true,"href":"https:\/\/boagk.se\/en\/wp-json\/wp\/v2\/categories?post=5524"},{"taxonomy":"post_tag","embeddable":true,"href":"https:\/\/boagk.se\/en\/wp-json\/wp\/v2\/tags?post=5524"}],"curies":[{"name":"wp","href":"https:\/\/api.w.org\/{rel}","templated":true}]}}