{"id":5508,"date":"2020-04-24T14:36:27","date_gmt":"2020-04-24T14:36:27","guid":{"rendered":"http:\/\/boagk.se\/?p=5508"},"modified":"2020-04-24T14:37:14","modified_gmt":"2020-04-24T14:37:14","slug":"sydostran-om-boa-gk-olofstrom","status":"publish","type":"post","link":"https:\/\/boagk.se\/en\/aktuellt\/sydostran-om-boa-gk-olofstrom\/","title":{"rendered":"SYD\u00d6STRAN OM BOA GK OLOFSTR\u00d6M!"},"content":{"rendered":"<h2 style=\"text-align: center;\"><strong>Golfbanan har blivit en ny samlingsplats<\/strong><\/h2>\n<p style=\"text-align: center;\"><span style=\"color: #ffffff;\">.<\/span><\/p>\n<div id=\"attachment_5610\" style=\"width: 490px\" class=\"wp-caption aligncenter\"><a href=\"https:\/\/www.sydostran.se\/olofstrom\/golfbanan-har-blivit-en-ny-samlingsplats\/\"><img loading=\"lazy\" decoding=\"async\" aria-describedby=\"caption-attachment-5610\" class=\"wp-image-5610 size-full\" src=\"http:\/\/boagk.se\/wp-content\/uploads\/2020\/04\/Syd\u00f6stran-2020-04-24-2.jpg\" alt=\"\" width=\"480\" height=\"320\" srcset=\"https:\/\/boagk.se\/wp-content\/uploads\/2020\/04\/Syd\u00f6stran-2020-04-24-2.jpg 480w, https:\/\/boagk.se\/wp-content\/uploads\/2020\/04\/Syd\u00f6stran-2020-04-24-2-450x300.jpg 450w\" sizes=\"auto, (max-width: 480px) 100vw, 480px\" \/><\/a><p id=\"caption-attachment-5610\" class=\"wp-caption-text\">Daniel Olsson, Dan Hermansson, Olle Persson, Liz \u00c5kesson och Bj\u00f6rn Borg tycker att en tr\u00e4ff p\u00e5 golfbanan \u00e4r ett bra s\u00e4tt att umg\u00e5s.<\/p><\/div>\n<p style=\"text-align: center;\"><span style=\"color: #800000;\"><strong>Foto: Gunnel Persson<\/strong><\/span><\/p>\n<p style=\"text-align: center;\"><a href=\"https:\/\/www.sydostran.se\/olofstrom\/golfbanan-har-blivit-en-ny-samlingsplats\/\"><img loading=\"lazy\" decoding=\"async\" class=\"alignnone wp-image-5507 size-full\" src=\"http:\/\/boagk.se\/wp-content\/uploads\/2020\/04\/Syd\u00f6stran-Logotype.jpg\" alt=\"\" width=\"187\" height=\"90\" \/><\/a><\/p>\n<h6 style=\"text-align: center;\">I dagens Syd\u00f6stran finns f\u00f6ljande reportage fr\u00e5n Jan-Erik Martinsson att l\u00e4sa&#8230;<\/h6>\n<p style=\"text-align: center;\"><span style=\"color: #ffffff;\">.<\/span><\/p>\n<p style=\"text-align: center;\"><strong>Golfbanan har blivit den nya samlingsplatsen f\u00f6r s\u00e5v\u00e4l pension\u00e4rer som korttidspermitterad personal.<\/strong><\/p>\n<p style=\"text-align: center;\"><strong>&#8211; Det \u00e4r ett j\u00e4ttebra s\u00e4tt att umg\u00e5s framf\u00f6rallt nu i coronatider, s\u00e4ger Dan Hermansson ordf\u00f6rande i Boa Golfklubb.<\/strong><\/p>\n<p style=\"text-align: center;\">Hermansson \u00e4r nog mest k\u00e4nd som tidigare personalchef p\u00e5 Volvo men har \u00e4ven karri\u00e4r som hockeyspelare bakom sig.<\/p>\n<p style=\"text-align: center;\">N\u00e5gra framg\u00e5ngar p\u00e5 golfbanan har han aldrig n\u00e5tt. S\u00e4ger han sj\u00e4lv i alla fall.<\/p>\n<p style=\"text-align: center;\">&#8211; Jag \u00e4r v\u00e4l lite b\u00e4ttre \u00e4n en nyb\u00f6rjare, s\u00e4ger han f\u00f6rsiktigt i ett f\u00f6rs\u00f6k att tona ned sin egen roll i sammanhanget.<\/p>\n<p style=\"text-align: center;\">N\u00e4r Syd\u00f6stran g\u00f6r ett bes\u00f6k p\u00e5 golfbanan i Olofstr\u00f6m f\u00f6r ett pejla intresset s\u00e5 finns Dan Hermansson p\u00e5 plats, liksom flera andra av de som i idrottskretsar brukar kallas f\u00f6r eldsj\u00e4lar.<\/p>\n<p style=\"text-align: center;\">Greenkeepern Daniel Olsson dyker ocks\u00e5 upp och s\u00e5 \u00e4r samtalet ig\u00e5ng direkt om vad som egentligen \u00e4r signifikativt f\u00f6r en bra bana.<\/p>\n<p style=\"text-align: center;\"><span style=\"color: #ffffff;\">.<\/span><\/p>\n<p style=\"text-align: center;\"><img loading=\"lazy\" decoding=\"async\" class=\"alignnone size-full wp-image-5611\" src=\"http:\/\/boagk.se\/wp-content\/uploads\/2020\/04\/Syd\u00f6stran-2020-04-24.jpg\" alt=\"\" width=\"480\" height=\"320\" srcset=\"https:\/\/boagk.se\/wp-content\/uploads\/2020\/04\/Syd\u00f6stran-2020-04-24.jpg 480w, https:\/\/boagk.se\/wp-content\/uploads\/2020\/04\/Syd\u00f6stran-2020-04-24-450x300.jpg 450w\" sizes=\"auto, (max-width: 480px) 100vw, 480px\" \/><\/p>\n<p style=\"text-align: center;\"><span style=\"color: #800000;\"><strong>Foto: Gunnel Persson<\/strong><\/span><\/p>\n<p style=\"text-align: center;\"><em><span style=\"text-align: left; color: #333333; text-transform: none; text-indent: 0px; letter-spacing: normal; font-family: Georgia,'Times New Roman','Bitstream Charter',Times,serif; font-size: 16px; font-variant: normal; font-weight: 400; text-decoration: none; word-spacing: 0px; display: inline !important; white-space: normal; cursor: text; orphans: 2; float: none; -webkit-text-stroke-width: 0px; background-color: #ffffff;\">Dan Hermansson<\/span>: \u201d-Juniortr\u00e4ningen b\u00f6rjar p\u00e5 m\u00e5ndag, men i sm\u00e5 grupper\u201d<\/em><\/p>\n<p style=\"text-align: center;\"><span style=\"color: #ffffff;\">.<\/span><\/p>\n<p style=\"text-align: center;\">&#8211; Det viktigaste \u00e4r att det finns en j\u00e4mn och fin green, detsamma g\u00e4ller fairway, d\u00e5 blir en golfspelare riktigt n\u00f6jd, s\u00e4ger Olsson.<\/p>\n<p style=\"text-align: center;\">De andra nickar inst\u00e4mmande.<\/p>\n<p style=\"text-align: center;\">Dan Hermansson har ju en l\u00e5ng erfarenhet i ledningsgruppen p\u00e5 Volvo men styrelsearbetet i golfklubben blev \u00e4nd\u00e5 en helt ny erfarenhet.<\/p>\n<p style=\"text-align: center;\">&#8211; Jag blev m\u00e4kta imponerad av hur klubben drivs. Det finns ett m\u00e5l och en vision, det \u00e4r n\u00e4stan som i ett stort f\u00f6retag.<\/p>\n<p style=\"text-align: center;\">En av de visionerna \u00e4r att n\u00e5 ett tusenstrecket i antalet medlemmar. En annan \u00e4r en driving range med ett tak \u00f6ver.<\/p>\n<p style=\"text-align: center;\">&#8211; Vi f\u00e5r se hur det blir i framtiden. Tusen medlemmar tycker jag \u00e4nd\u00e5 \u00e4r realistiskt.<\/p>\n<p style=\"text-align: center;\">Just nu p\u00e5g\u00e5r planeringsarbetet f\u00f6r en \u00f6vningsbana strax intill den stora t\u00e4vlingsbanan.<\/p>\n<p style=\"text-align: center;\">En investering p\u00e5 i runda sl\u00e4ngar 350 000 kronor <span style=\"color: #800000;\">(R\u00e4ttelse: h\u00e4r blev det en nolla f\u00f6r mycket i tidningen&#8230;)<\/span>. D\u00e4r ska spelarna kunna tr\u00e4na p\u00e5 vissa detaljer i spelet. Som till exempel puttar eller chippar. Det sistn\u00e4mnda \u00e4r ett slag p\u00e5 korta avst\u00e5nd, men \u00e4nd\u00e5 lite l\u00e4ngre \u00e4n en putt.<\/p>\n<p style=\"text-align: center;\">Om man skulle n\u00e5 m\u00e5let p\u00e5 tusen medlemmar s\u00e5 skulle det inneb\u00e4ra n\u00e4stan en f\u00f6rdubbling j\u00e4mf\u00f6rt med dagens medlemsmatrikel.<\/p>\n<p style=\"text-align: center;\">&#8211; Vi har mellan 600 och 650 idag, s\u00e4ger Liz \u00c5kesson, ansvarig p\u00e5 kansliet, som har stenkoll p\u00e5 medlemsantalet <span style=\"color: #800000;\">(R\u00e4ttelse: h\u00e4r stod det inte helt korrekt i tidningen&#8230;)<\/span>.<\/p>\n<p style=\"text-align: center;\">Flera golfklubbar i landet har rapporterat om ett \u00f6kat intresse f\u00f6r golfsporten sedan coronaviruset slog klorna i medborgarna.<\/p>\n<p style=\"text-align: center;\">&#8211; Vi har sett det h\u00e4r ocks\u00e5. Fler har v\u00e4l uppt\u00e4ckt att golf inte bara \u00e4r ett bra s\u00e4tt att koppla av utan \u00e4ven ett s\u00e4tt att umg\u00e5s i sm\u00e5 grupper som ju \u00e4r det som g\u00e4ller i hela samh\u00e4llet just nu, s\u00e4ger Liz \u00c5kesson.<\/p>\n<p style=\"text-align: center;\">Pension\u00e4rerna beh\u00f6ver man knappast mata med marknadsf\u00f6ring l\u00e4ngre.<\/p>\n<p style=\"text-align: center;\">&#8211; Nej, vi \u00e4r r\u00e4tt m\u00e5nga seniorer h\u00e4r ute, s\u00e4ger Dan Hermansson med ett skratt. Vi skulle beh\u00f6va lite nyrekrytering i \u00e5ldersspannet 25 &#8211; 40 \u00e5r.<\/p>\n<p style=\"text-align: center;\">\u2013 Och fler tjejer, s\u00e4ger Liz \u00c5kesson d\u00e4r \u00e4r vi f\u00f6r alldeles f\u00f6r f\u00e5.<\/p>\n<p style=\"text-align: center;\">T\u00e4vlingss\u00e4songen ligger p\u00e5 is, men den organiserade tr\u00e4ningen \u00e4r bara n\u00e5gra dagar bort.<\/p>\n<p style=\"text-align: center;\">&#8211; Juniortr\u00e4ningen b\u00f6rjar p\u00e5 m\u00e5ndag, men i sm\u00e5 grupper, s\u00e4ger golfklubbens ordf\u00f6rande.<\/p>\n<p style=\"text-align: center;\">Restaurangen h\u00e5ller st\u00e4ngt men handspriten st\u00e5r framdukad och trots ett \u00f6kat intresse s\u00e5 r\u00e4knar inte golfklubben med n\u00e5gon st\u00f6rre tr\u00e4ngsel p\u00e5 banan.<\/p>\n<p style=\"text-align: center;\">&#8211; H\u00e4r \u00e4r ju stora ytor att r\u00f6ra sig p\u00e5. Det finns plats till alla, s\u00e4ger Dan Hermansson.<\/p>\n<p style=\"text-align: center;\"><strong><span style=\"color: #800000;\">Jan-Erik Martinsson<\/span><\/strong><\/p>\n<p style=\"text-align: center;\"><a href=\"https:\/\/www.sydostran.se\/olofstrom\/golfbanan-har-blivit-en-ny-samlingsplats\/\"><img loading=\"lazy\" decoding=\"async\" class=\"alignnone wp-image-5507 size-full\" src=\"http:\/\/boagk.se\/wp-content\/uploads\/2020\/04\/Syd\u00f6stran-Logotype.jpg\" alt=\"\" width=\"187\" height=\"90\" \/><\/a><\/p>","protected":false},"excerpt":{"rendered":"<p>Golfbanan har blivit en ny samlingsplats . Foto: Gunnel Persson I dagens Syd\u00f6stran finns f\u00f6ljande reportage fr\u00e5n Jan-Erik Martinsson att l\u00e4sa&#8230; . Golfbanan har blivit den nya samlingsplatsen f\u00f6r s\u00e5v\u00e4l pension\u00e4rer som korttidspermitterad personal. &#8211; Det \u00e4r ett j\u00e4ttebra s\u00e4tt att umg\u00e5s framf\u00f6rallt nu i coronatider, s\u00e4ger Dan Hermansson ordf\u00f6rande i Boa Golfklubb. Hermansson \u00e4r [&hellip;]<\/p>","protected":false},"author":6,"featured_media":5610,"comment_status":"open","ping_status":"closed","sticky":false,"template":"","format":"standard","meta":{"_exactmetrics_skip_tracking":false,"_exactmetrics_sitenote_active":false,"_exactmetrics_sitenote_note":"","_exactmetrics_sitenote_category":0,"footnotes":""},"categories":[7],"tags":[],"class_list":["post-5508","post","type-post","status-publish","format-standard","has-post-thumbnail","hentry","category-aktuellt"],"_links":{"self":[{"href":"https:\/\/boagk.se\/en\/wp-json\/wp\/v2\/posts\/5508","targetHints":{"allow":["GET"]}}],"collection":[{"href":"https:\/\/boagk.se\/en\/wp-json\/wp\/v2\/posts"}],"about":[{"href":"https:\/\/boagk.se\/en\/wp-json\/wp\/v2\/types\/post"}],"author":[{"embeddable":true,"href":"https:\/\/boagk.se\/en\/wp-json\/wp\/v2\/users\/6"}],"replies":[{"embeddable":true,"href":"https:\/\/boagk.se\/en\/wp-json\/wp\/v2\/comments?post=5508"}],"version-history":[{"count":17,"href":"https:\/\/boagk.se\/en\/wp-json\/wp\/v2\/posts\/5508\/revisions"}],"predecessor-version":[{"id":5910,"href":"https:\/\/boagk.se\/en\/wp-json\/wp\/v2\/posts\/5508\/revisions\/5910"}],"wp:featuredmedia":[{"embeddable":true,"href":"https:\/\/boagk.se\/en\/wp-json\/wp\/v2\/media\/5610"}],"wp:attachment":[{"href":"https:\/\/boagk.se\/en\/wp-json\/wp\/v2\/media?parent=5508"}],"wp:term":[{"taxonomy":"category","embeddable":true,"href":"https:\/\/boagk.se\/en\/wp-json\/wp\/v2\/categories?post=5508"},{"taxonomy":"post_tag","embeddable":true,"href":"https:\/\/boagk.se\/en\/wp-json\/wp\/v2\/tags?post=5508"}],"curies":[{"name":"wp","href":"https:\/\/api.w.org\/{rel}","templated":true}]}}